{"id":668,"date":"1980-08-11T10:23:59","date_gmt":"1980-08-11T13:23:59","guid":{"rendered":"http:\/\/www.marciomeirelles.com.br\/site\/?p=668"},"modified":"2011-12-13T20:28:57","modified_gmt":"2011-12-13T23:28:57","slug":"dramatica-companhia-teatral-em-crise-ou-la-vem-o-elenco","status":"publish","type":"post","link":"http:\/\/www.marciomeirelles.com.br\/site\/1980\/08\/dramatica-companhia-teatral-em-crise-ou-la-vem-o-elenco\/","title":{"rendered":"L\u00e1 vem o elenco!"},"content":{"rendered":"<p><em>Documento elaborado em Est\u00e2ncia (SE), no s\u00edtio de S\u00e9rgio Carvalho, pelos artistas que participavam do grupo Avel\u00e3z y Avestruz: Fernando Fulco, Hebe Alves, Marcio Meirelles, Maria Eug\u00eania Milet, Milton Macedo, Paulo Exl\u00e1cio, S\u00e9rgio Carvalho e S\u00e9rgio Guedes, e apresentado em 11 de agosto de 1980, no Teatro Greg\u00f3rio de Mattos, \u00e0s 14h, dentro do painel &#8220;T\u00e9cnicas regionais de cria\u00e7\u00e3o e produ\u00e7\u00e3o &#8211; a Bahia&#8221;, coordenado por Armindo Bi\u00e3o no Festival de Arte da Bahia 80.<\/em><\/p>\n<p><a href=\"http:\/\/www.marciomeirelles.com.br\/site\/wp-content\/uploads\/1980\/08\/la-vem-o-elenco.pdf\" target=\"_blank\">Clique aqui para baixar o documento em PDF<\/a><\/p>\n<p>&nbsp;<\/p>\n","protected":false},"excerpt":{"rendered":"<p>Documento elaborado em Est\u00e2ncia (SE), no s\u00edtio de S\u00e9rgio Carvalho, pelos artistas que participavam do grupo Avel\u00e3z y Avestruz: Fernando Fulco, Hebe Alves, Marcio Meirelles, Maria Eug\u00eania Milet, Milton Macedo, Paulo Exl\u00e1cio, S\u00e9rgio Carvalho e S\u00e9rgio Guedes, e apresentado em 11 de agosto de 1980, no Teatro Greg\u00f3rio de Mattos,<\/p>\n","protected":false},"author":1,"featured_media":0,"comment_status":"open","ping_status":"open","sticky":false,"template":"","format":"standard","meta":[],"categories":[124],"tags":[145,89,41,20,44,129,146,64,104],"_links":{"self":[{"href":"http:\/\/www.marciomeirelles.com.br\/site\/wp-json\/wp\/v2\/posts\/668"}],"collection":[{"href":"http:\/\/www.marciomeirelles.com.br\/site\/wp-json\/wp\/v2\/posts"}],"about":[{"href":"http:\/\/www.marciomeirelles.com.br\/site\/wp-json\/wp\/v2\/types\/post"}],"author":[{"embeddable":true,"href":"http:\/\/www.marciomeirelles.com.br\/site\/wp-json\/wp\/v2\/users\/1"}],"replies":[{"embeddable":true,"href":"http:\/\/www.marciomeirelles.com.br\/site\/wp-json\/wp\/v2\/comments?post=668"}],"version-history":[{"count":5,"href":"http:\/\/www.marciomeirelles.com.br\/site\/wp-json\/wp\/v2\/posts\/668\/revisions"}],"predecessor-version":[{"id":672,"href":"http:\/\/www.marciomeirelles.com.br\/site\/wp-json\/wp\/v2\/posts\/668\/revisions\/672"}],"wp:attachment":[{"href":"http:\/\/www.marciomeirelles.com.br\/site\/wp-json\/wp\/v2\/media?parent=668"}],"wp:term":[{"taxonomy":"category","embeddable":true,"href":"http:\/\/www.marciomeirelles.com.br\/site\/wp-json\/wp\/v2\/categories?post=668"},{"taxonomy":"post_tag","embeddable":true,"href":"http:\/\/www.marciomeirelles.com.br\/site\/wp-json\/wp\/v2\/tags?post=668"}],"curies":[{"name":"wp","href":"https:\/\/api.w.org\/{rel}","templated":true}]}}