{"id":688,"date":"2009-06-12T10:54:04","date_gmt":"2009-06-12T13:54:04","guid":{"rendered":"http:\/\/www.marciomeirelles.com.br\/site\/?p=688"},"modified":"2011-12-13T20:21:57","modified_gmt":"2011-12-13T23:21:57","slug":"teatro-de-grupo-e-grupo-de-teatro","status":"publish","type":"post","link":"http:\/\/www.marciomeirelles.com.br\/site\/2009\/06\/teatro-de-grupo-e-grupo-de-teatro\/","title":{"rendered":"Teatro de grupo e grupo de teatro"},"content":{"rendered":"<p><em>Texto publicado pelo ator e diretor teatral Gordo Neto, diretor de teatro da Funda\u00e7\u00e3o Cultural do Estado da Bahia, em 12 de junho de 2009.<\/em><\/p>\n<pre><\/pre>\n<p>A Bahia nunca deixou de ter o Teatro de Grupo como uma grande for\u00e7a, por vezes, fundamental nas artes c\u00eanicas. Podemos relembrar alguns nomes, como \u201cTeatro dos Novos\u201d, \u201cAvel\u00e3z y Avestruz\u201d, \u201cTeatro Livre da Bahia\u201d e \u201cCarranca\u201d, entre outros tantos, n\u00e3o menos importantes; e os mais recentes, surgidos a partir da d\u00e9cada de oitenta, noventa: \u201cLos Catedr\u00e1sticos\u201d, \u201cCia. Baiana de Patifaria\u201d e \u201cBando de Teatro Olodum\u201d &#8211; alguns dentre eles ainda em plena atividade.<\/p>\n<p>Outra fase e outra safra de grupos locais me parecem ter se formado pela iniciativa do Teatro Vila Velha, a partir de 1994, ao criar os \u201cgrupos residentes\u201d do teatro. Outro fator importante foi a cria\u00e7\u00e3o da Cooperativa Baiana de Teatro que tanto recebeu grupos quanto os incentivou a surgir, e o papel da Escola de Teatro, com alguns grupos idealizados l\u00e1, formados por alunos, ex-alunos e professores. Ainda \u00e9 preciso salientar o papel do Teatro de Rua, movimento que ganhou ainda maior expressividade nos \u00faltimos anos.<\/p>\n<p>Bom, o t\u00edtulo deste pequeno texto sugere uma diferen\u00e7a entre o Teatro de Grupo e o Grupo de Teatro. O primeiro, no meu entender, aquilo que resulta do trabalho cont\u00ednuo de um Grupo de Teatro, que contempla outras atividades para al\u00e9m da cena, art\u00edstica ou n\u00e3o, que fomentem as discuss\u00f5es est\u00e9tica, \u00e9tica e pol\u00edtica do fazer teatral. O segundo, um agrupamento de atores &#8211; circunstancial ou de forma mais duradoura &#8211; para fazer teatro.<\/p>\n<p>Grupos de Teatro podem ou n\u00e3o ter como resultado um Teatro de Grupo. Nisso n\u00e3o fa\u00e7o absolutamente nenhum ju\u00edzo de valor ao espet\u00e1culo, \u00e0 performance deste ou daquele grupo, mas sim, uma justa clarifica\u00e7\u00e3o do que seja uma coisa e outra. N\u00e3o podemos confundi-las. A relev\u00e2ncia dessa distin\u00e7\u00e3o entre Teatro de Grupo e Grupo de Teatro me parece importante nesse momento do teatro em Salvador e em nosso Estado &#8211; mesmo que eu tenha levantado alguns grupos do interior, este interc\u00e2mbio capital\/interior \u00e9 muito discreto, assim como modesta \u00e9, infelizmente, a nossa rela\u00e7\u00e3o com o Nordeste.<\/p>\n<p>Digo que o Teatro de Grupo nos \u00e9 importante hoje porque poderia assumir algum lugar no \u201cpensamento\u201d das artes c\u00eanicas local. Quem estaria hoje discutindo o nosso teatro? Quem estaria hoje propondo a\u00e7\u00f5es para al\u00e9m da cena? Quem estaria hoje ocupando grande parte das salas, ruas e dos espa\u00e7os alternativos na cidade? O subjuntivo est\u00e1 em cada pergunta porque tenho a impress\u00e3o de que, apesar de grande esfor\u00e7o nesse sentido, e, felizmente, algum resultado, n\u00f3s n\u00e3o estamos fazendo isso a contento. Ou estar\u00edamos?<\/p>\n<p><em>*Ator, diretor e membro do Colegiado do Teatro Vila Velha.<\/em><\/p>\n<p>&nbsp;<\/p>\n<p><strong>LEIS DE INCENTIVO\/ EDITAIS E FOMENTOS:<\/strong><\/p>\n<p>&#8211; Lei Viva Cultura \/ Municipal (incentivo fiscal no valor de 400 mil\/ano)<br \/>\n&#8211; Lei Fazcultura \/ Estadual (incentivo fiscal no valor de 15 milh\u00f5es\/ano)<br \/>\n&#8211; Fundo de Cultura da Bahia(verba de 30 milh\u00f5es\/ano)<\/p>\n<p><strong>ENTIDADES REPRESENTATIVAS:<\/strong><\/p>\n<p><strong><\/strong>&#8211; Cooperativa Baiana de Teatro &#8211; contato@cooperativabaianadeteatro.com.br<\/p>\n<p><strong>ESTIMATIVA DO N\u00ba DE GRUPOS NO ESTADO DA BAHIA:<\/strong><\/p>\n<p><strong><\/strong>23 grupos cadastrados, h\u00e1 muitos outros na capital e, sobretudo no interior<\/p>\n<p><strong>ESTIMATIVA DO N\u00ba DE ESPA\u00c7OS TEATRAIS GERIDOS POR GRUPOS OU ENTIDADES:<\/strong><\/p>\n<p><strong><\/strong>05 grupos, residentes do Vila, t\u00eam espa\u00e7o pr\u00f3prio<\/p>\n<p>&nbsp;<\/p>\n","protected":false},"excerpt":{"rendered":"<p>Texto publicado pelo ator e diretor teatral Gordo Neto, diretor de teatro da Funda\u00e7\u00e3o Cultural do Estado da Bahia, em 12 de junho de 2009. A Bahia nunca deixou de ter o Teatro de Grupo como uma grande for\u00e7a, por vezes, fundamental nas artes c\u00eanicas. Podemos relembrar alguns nomes, como<\/p>\n","protected":false},"author":1,"featured_media":0,"comment_status":"open","ping_status":"open","sticky":false,"template":"","format":"standard","meta":[],"categories":[63,122],"tags":[38,125,126,104],"_links":{"self":[{"href":"http:\/\/www.marciomeirelles.com.br\/site\/wp-json\/wp\/v2\/posts\/688"}],"collection":[{"href":"http:\/\/www.marciomeirelles.com.br\/site\/wp-json\/wp\/v2\/posts"}],"about":[{"href":"http:\/\/www.marciomeirelles.com.br\/site\/wp-json\/wp\/v2\/types\/post"}],"author":[{"embeddable":true,"href":"http:\/\/www.marciomeirelles.com.br\/site\/wp-json\/wp\/v2\/users\/1"}],"replies":[{"embeddable":true,"href":"http:\/\/www.marciomeirelles.com.br\/site\/wp-json\/wp\/v2\/comments?post=688"}],"version-history":[{"count":4,"href":"http:\/\/www.marciomeirelles.com.br\/site\/wp-json\/wp\/v2\/posts\/688\/revisions"}],"predecessor-version":[{"id":1355,"href":"http:\/\/www.marciomeirelles.com.br\/site\/wp-json\/wp\/v2\/posts\/688\/revisions\/1355"}],"wp:attachment":[{"href":"http:\/\/www.marciomeirelles.com.br\/site\/wp-json\/wp\/v2\/media?parent=688"}],"wp:term":[{"taxonomy":"category","embeddable":true,"href":"http:\/\/www.marciomeirelles.com.br\/site\/wp-json\/wp\/v2\/categories?post=688"},{"taxonomy":"post_tag","embeddable":true,"href":"http:\/\/www.marciomeirelles.com.br\/site\/wp-json\/wp\/v2\/tags?post=688"}],"curies":[{"name":"wp","href":"https:\/\/api.w.org\/{rel}","templated":true}]}}