{"id":707,"date":"2009-12-01T10:04:54","date_gmt":"2009-12-01T13:04:54","guid":{"rendered":"http:\/\/www.marciomeirelles.com.br\/site\/?p=707"},"modified":"2011-10-01T10:10:14","modified_gmt":"2011-10-01T13:10:14","slug":"il-cuore-nero-di-salvador","status":"publish","type":"post","link":"http:\/\/www.marciomeirelles.com.br\/site\/2009\/12\/il-cuore-nero-di-salvador\/","title":{"rendered":"Il cuore nero di Salvador"},"content":{"rendered":"<p><em>Reportagem sobre Salvador, publicada pela revista italiana L&#8217;Espresso, em dezembro de 2009, escrito por Irene Alison e fotografias de Alfredo d&#8217;Amato.<\/em><\/p>\n<p>&nbsp;<\/p>\n<p>\u00c8 la citt\u00e0 pi\u00f9 africana di tutto il Brasile. La abitano in maggioranza i discendenti degli schiavi. Grazie alle riforme volute da Lula, i neri stanno lentamente migliorando le loro condizioni di vita. A gennaio ospiter\u00e0 il Social Forum in cui si discuter\u00e0 di ambiente e di alternative al neoliberismo da Salvador de Bahia.<\/p>\n<p><a href=\"http:\/\/www.marciomeirelles.com.br\/site\/wp-content\/uploads\/2011\/10\/2009_lespresso.pdf\" target=\"_blank\">Clique para baixar PDF com reportagem da revista<\/a><\/p>\n","protected":false},"excerpt":{"rendered":"<p>Reportagem sobre Salvador, publicada pela revista italiana L&#8217;Espresso, em dezembro de 2009, escrito por Irene Alison e fotografias de Alfredo d&#8217;Amato. &nbsp; \u00c8 la citt\u00e0 pi\u00f9 africana di tutto il Brasile. La abitano in maggioranza i discendenti degli schiavi. Grazie alle riforme volute da Lula, i neri stanno lentamente migliorando<\/p>\n","protected":false},"author":1,"featured_media":0,"comment_status":"open","ping_status":"open","sticky":false,"template":"","format":"standard","meta":[],"categories":[6],"tags":[],"_links":{"self":[{"href":"http:\/\/www.marciomeirelles.com.br\/site\/wp-json\/wp\/v2\/posts\/707"}],"collection":[{"href":"http:\/\/www.marciomeirelles.com.br\/site\/wp-json\/wp\/v2\/posts"}],"about":[{"href":"http:\/\/www.marciomeirelles.com.br\/site\/wp-json\/wp\/v2\/types\/post"}],"author":[{"embeddable":true,"href":"http:\/\/www.marciomeirelles.com.br\/site\/wp-json\/wp\/v2\/users\/1"}],"replies":[{"embeddable":true,"href":"http:\/\/www.marciomeirelles.com.br\/site\/wp-json\/wp\/v2\/comments?post=707"}],"version-history":[{"count":2,"href":"http:\/\/www.marciomeirelles.com.br\/site\/wp-json\/wp\/v2\/posts\/707\/revisions"}],"predecessor-version":[{"id":710,"href":"http:\/\/www.marciomeirelles.com.br\/site\/wp-json\/wp\/v2\/posts\/707\/revisions\/710"}],"wp:attachment":[{"href":"http:\/\/www.marciomeirelles.com.br\/site\/wp-json\/wp\/v2\/media?parent=707"}],"wp:term":[{"taxonomy":"category","embeddable":true,"href":"http:\/\/www.marciomeirelles.com.br\/site\/wp-json\/wp\/v2\/categories?post=707"},{"taxonomy":"post_tag","embeddable":true,"href":"http:\/\/www.marciomeirelles.com.br\/site\/wp-json\/wp\/v2\/tags?post=707"}],"curies":[{"name":"wp","href":"https:\/\/api.w.org\/{rel}","templated":true}]}}