{"id":757,"date":"2001-10-03T00:28:32","date_gmt":"2001-10-03T03:28:32","guid":{"rendered":"http:\/\/www.marciomeirelles.com.br\/site\/?p=757"},"modified":"2014-03-09T10:05:00","modified_gmt":"2014-03-09T13:05:00","slug":"letra-ter-na-pele-a-cor-da-noite","status":"publish","type":"post","link":"http:\/\/www.marciomeirelles.com.br\/site\/2001\/10\/letra-ter-na-pele-a-cor-da-noite\/","title":{"rendered":"\u00c9 PRECISO TER CORAGEM PARA TER NA PELE A COR DA NOITE"},"content":{"rendered":"<p><em>letra de marcio meirelles, m\u00fasica de jarbas bittencourt &#8211; esta letra foi escrita inicialmente como poema para o livro de fotos de s\u00e9rgio guerra: NA\u00c7\u00c3O CORAGEM publicado pela maianga. depois adaptada para can\u00e7\u00e3o e inserida em CABAR\u00c9 DA RRRRRA\u00c7A do BANDO DE TEATRO OLODUM e coreografada por zebrinha<\/em><\/p>\n<div id=\"attachment_1946\" style=\"width: 624px\" class=\"wp-caption aligncenter\"><a href=\"http:\/\/www.marciomeirelles.com.br\/site\/wp-content\/uploads\/2001\/10\/IMG_7286.jpg\"><img aria-describedby=\"caption-attachment-1946\" loading=\"lazy\" class=\" wp-image-1946 \" title=\"bando de teatro olodum canta e atua esta can\u00e7\u00e3o em CABAR\u00c9 DA RRRRRA\u00c7A\" src=\"http:\/\/www.marciomeirelles.com.br\/site\/wp-content\/uploads\/2001\/10\/IMG_7286-1024x682.jpg\" alt=\"bando de teatro olodum canta e atua esta can\u00e7\u00e3o em CABAR\u00c9 DA RRRRRA\u00c7A\" width=\"614\" height=\"409\" srcset=\"http:\/\/www.marciomeirelles.com.br\/site\/wp-content\/uploads\/2001\/10\/IMG_7286-1024x682.jpg 1024w, http:\/\/www.marciomeirelles.com.br\/site\/wp-content\/uploads\/2001\/10\/IMG_7286-300x200.jpg 300w\" sizes=\"(max-width: 614px) 100vw, 614px\" \/><\/a><p id=\"caption-attachment-1946\" class=\"wp-caption-text\">bando de teatro olodum canta e atua esta can\u00e7\u00e3o em CABAR\u00c9 DA RRRRRA\u00c7A<\/p><\/div>\n<p style=\"text-align: center;\">\u00c9 preciso ter coragem<br \/>\nPara ter na pele a cor da noite (bis)<br \/>\nSer intang\u00edvel<\/p>\n<p style=\"text-align: center;\">\u00e9 preciso ter coragem<br \/>\npra ver tudo e n\u00e3o ser visto<br \/>\npra tentar ter um futuro<br \/>\ncom a pele cor do asfalto<br \/>\ne mostrar pra todo mundo<br \/>\nque n\u00e3o gosta de passar<br \/>\nda superf\u00edcie das coisas<br \/>\na cor que tem o irm\u00e3o<br \/>\na cor do mais fundo nada<br \/>\ndo nada mais invis\u00edvel<br \/>\nmais absoluto nada<\/p>\n<p style=\"text-align: center;\">\u00e9 preciso ter coragem<br \/>\npara ter na pele a cor da noite (bis)<br \/>\nser intang\u00edvel<\/p>\n<p style=\"text-align: center;\">\u00e9 preciso ter coragem<br \/>\npara se empunhar esta cor<br \/>\ncomo arma como enxada como arado<br \/>\ncomo fonte como estrada<br \/>\ncomo l\u00edngua incendi\u00e1ria<br \/>\nque todas as l\u00ednguas fala<br \/>\ne torna esta cor escondida<br \/>\nem nova cor revelada<br \/>\ncor do dia cor do sonho<br \/>\nde todo homem e mulher<br \/>\ntodo bicho toda mata<\/p>\n<p style=\"text-align: center;\">\u00e9 preciso ter coragem<br \/>\npara ter na pele a cor da noite (bis)<br \/>\nser intang\u00edvel<\/p>\n<p style=\"text-align: center;\">cor a correr pelas veias<br \/>\na preencher os abismos<br \/>\ncriando um caminho novo<br \/>\npra ra\u00e7a humana avan\u00e7ar<br \/>\n\u00e9 preciso ter coragem<br \/>\npara ter na pele a cor da noite<br \/>\ne sobreviver nesses dias<br \/>\n\u00e9 preciso ter coragem<br \/>\ne olhos de lua a brilhar<br \/>\npro futuro que se quer<br \/>\nser o futuro que vir\u00e1<\/p>\n<p style=\"text-align: right;\">salvador &#8211; 2005<\/p>\n","protected":false},"excerpt":{"rendered":"<p>letra de marcio meirelles, m\u00fasica de jarbas bittencourt &#8211; esta letra foi escrita inicialmente como poema para o livro de fotos de s\u00e9rgio guerra: NA\u00c7\u00c3O CORAGEM publicado pela maianga. depois adaptada para can\u00e7\u00e3o e inserida em CABAR\u00c9 DA RRRRRA\u00c7A do BANDO DE TEATRO OLODUM e coreografada por zebrinha \u00c9 preciso<\/p>\n","protected":false},"author":1,"featured_media":1946,"comment_status":"open","ping_status":"open","sticky":false,"template":"","format":"standard","meta":[],"categories":[4,7,24,337],"tags":[72,22,12,25,358,73,30,54,20,32,472,280,104,19,13,365,238],"_links":{"self":[{"href":"http:\/\/www.marciomeirelles.com.br\/site\/wp-json\/wp\/v2\/posts\/757"}],"collection":[{"href":"http:\/\/www.marciomeirelles.com.br\/site\/wp-json\/wp\/v2\/posts"}],"about":[{"href":"http:\/\/www.marciomeirelles.com.br\/site\/wp-json\/wp\/v2\/types\/post"}],"author":[{"embeddable":true,"href":"http:\/\/www.marciomeirelles.com.br\/site\/wp-json\/wp\/v2\/users\/1"}],"replies":[{"embeddable":true,"href":"http:\/\/www.marciomeirelles.com.br\/site\/wp-json\/wp\/v2\/comments?post=757"}],"version-history":[{"count":5,"href":"http:\/\/www.marciomeirelles.com.br\/site\/wp-json\/wp\/v2\/posts\/757\/revisions"}],"predecessor-version":[{"id":1955,"href":"http:\/\/www.marciomeirelles.com.br\/site\/wp-json\/wp\/v2\/posts\/757\/revisions\/1955"}],"wp:featuredmedia":[{"embeddable":true,"href":"http:\/\/www.marciomeirelles.com.br\/site\/wp-json\/wp\/v2\/media\/1946"}],"wp:attachment":[{"href":"http:\/\/www.marciomeirelles.com.br\/site\/wp-json\/wp\/v2\/media?parent=757"}],"wp:term":[{"taxonomy":"category","embeddable":true,"href":"http:\/\/www.marciomeirelles.com.br\/site\/wp-json\/wp\/v2\/categories?post=757"},{"taxonomy":"post_tag","embeddable":true,"href":"http:\/\/www.marciomeirelles.com.br\/site\/wp-json\/wp\/v2\/tags?post=757"}],"curies":[{"name":"wp","href":"https:\/\/api.w.org\/{rel}","templated":true}]}}