{"id":767,"date":"2010-10-03T00:51:12","date_gmt":"2010-10-03T03:51:12","guid":{"rendered":"http:\/\/www.marciomeirelles.com.br\/site\/?p=767"},"modified":"2011-10-03T00:54:32","modified_gmt":"2011-10-03T03:54:32","slug":"a-sagracao-da-primavera","status":"publish","type":"post","link":"http:\/\/www.marciomeirelles.com.br\/site\/2010\/10\/a-sagracao-da-primavera\/","title":{"rendered":"A Sagra\u00e7\u00e3o da Primavera"},"content":{"rendered":"<p><em>Texto escrito por Marcio Meirelles, publicado no programa da remontagem de &#8220;A Sagra\u00e7\u00e3o da Primavera&#8221;, pelo Bal\u00e9 Teatro Castro Alves.<\/em><\/p>\n<p>&nbsp;<\/p>\n<p>Nada \u00e9 mera coincid\u00eancia, o destino h\u00e1 muito deixou de criar acasos. Araiz ter vindo fazer \u201cA Sagra\u00e7\u00e3o da Primavera\u201d foi a confirma\u00e7\u00e3o de nossa meta. Renascer, recome\u00e7ar, sempre e sempre. Como a terra, voltar a dar frutos depois do inverno. Cumpri os ritos. Arrancar o leite das pedras a dentadas quando a m\u00e3e terra for madrasta. Sugar. Abrir os sulcos e semear. E n\u00e3o esperar: pisar, ranger os dentes, bater com os p\u00e9s, sangrar os dedos. A primavera vir\u00e1 para ser sagrada. O sacrif\u00edcio foi feito. E tudo isso aparece sobre o palco, nas pernas, nos troncos, nas unhas, no mais, no abismo eterno al\u00e9m das cortinas, no mar salgado do suor dos bailarinos, nos cabelos, nos calcanhares sem asas, a voar. Estamos aqui, n\u00f3s do Teatro Castro Alves, tamb\u00e9m ajudando a arrancar de uma terra esmagada e seca, uma nova primavera. Da forma que for poss\u00edvel, da forma que conseguirmos &#8211; n\u00f3s todos (juntos).<\/p>\n","protected":false},"excerpt":{"rendered":"<p>Texto escrito por Marcio Meirelles, publicado no programa da remontagem de &#8220;A Sagra\u00e7\u00e3o da Primavera&#8221;, pelo Bal\u00e9 Teatro Castro Alves. &nbsp; Nada \u00e9 mera coincid\u00eancia, o destino h\u00e1 muito deixou de criar acasos. Araiz ter vindo fazer \u201cA Sagra\u00e7\u00e3o da Primavera\u201d foi a confirma\u00e7\u00e3o de nossa meta. Renascer, recome\u00e7ar, sempre<\/p>\n","protected":false},"author":1,"featured_media":0,"comment_status":"open","ping_status":"open","sticky":false,"template":"","format":"standard","meta":[],"categories":[7],"tags":[],"_links":{"self":[{"href":"http:\/\/www.marciomeirelles.com.br\/site\/wp-json\/wp\/v2\/posts\/767"}],"collection":[{"href":"http:\/\/www.marciomeirelles.com.br\/site\/wp-json\/wp\/v2\/posts"}],"about":[{"href":"http:\/\/www.marciomeirelles.com.br\/site\/wp-json\/wp\/v2\/types\/post"}],"author":[{"embeddable":true,"href":"http:\/\/www.marciomeirelles.com.br\/site\/wp-json\/wp\/v2\/users\/1"}],"replies":[{"embeddable":true,"href":"http:\/\/www.marciomeirelles.com.br\/site\/wp-json\/wp\/v2\/comments?post=767"}],"version-history":[{"count":1,"href":"http:\/\/www.marciomeirelles.com.br\/site\/wp-json\/wp\/v2\/posts\/767\/revisions"}],"predecessor-version":[{"id":768,"href":"http:\/\/www.marciomeirelles.com.br\/site\/wp-json\/wp\/v2\/posts\/767\/revisions\/768"}],"wp:attachment":[{"href":"http:\/\/www.marciomeirelles.com.br\/site\/wp-json\/wp\/v2\/media?parent=767"}],"wp:term":[{"taxonomy":"category","embeddable":true,"href":"http:\/\/www.marciomeirelles.com.br\/site\/wp-json\/wp\/v2\/categories?post=767"},{"taxonomy":"post_tag","embeddable":true,"href":"http:\/\/www.marciomeirelles.com.br\/site\/wp-json\/wp\/v2\/tags?post=767"}],"curies":[{"name":"wp","href":"https:\/\/api.w.org\/{rel}","templated":true}]}}