{"id":790,"date":"1999-09-04T01:32:37","date_gmt":"1999-09-04T04:32:37","guid":{"rendered":"http:\/\/www.marciomeirelles.com.br\/site\/?p=790"},"modified":"2014-03-08T20:37:51","modified_gmt":"2014-03-08T23:37:51","slug":"menage-a-trois","status":"publish","type":"post","link":"http:\/\/www.marciomeirelles.com.br\/site\/1999\/09\/menage-a-trois\/","title":{"rendered":"M\u00e9nage a Trois"},"content":{"rendered":"<p style=\"text-align: right;\"><a href=\"http:\/\/www.marciomeirelles.com.br\/site\/wp-content\/uploads\/1999\/09\/Eros.jpg\"><img loading=\"lazy\" class=\"size-full wp-image-1938 alignleft\" title=\"Eros\" src=\"http:\/\/www.marciomeirelles.com.br\/site\/wp-content\/uploads\/1999\/09\/Eros.jpg\" alt=\"\" width=\"225\" height=\"300\" \/><\/a><\/p>\n<p style=\"text-align: right;\">\n<p style=\"text-align: right;\">\n<p style=\"text-align: right;\">\n<p style=\"text-align: right;\">\n<p style=\"text-align: right;\">\n<p style=\"text-align: right;\">\n<p style=\"text-align: right;\">\n<p style=\"text-align: right;\">o projeto MENAGE \u00c0 TROIS foi realizado no CABAR\u00c9 DOS NOVOS do TEATRO VILA VELHA durante um curto tempo em 1999, juntando poesias, can\u00e7\u00f5es, teatro, dan\u00e7a, performance q tinham o erotismo como base numa mesma apresenta\u00e7\u00e3o.<\/p>\n<p>Os gregos acreditavam que no princ\u00edpio era o caos, onde todas as possibilidades coexistiam sem se concretizar.<\/p>\n<p>Um dia o deus Eros organizou o caos e todas as coisas, como conhecemos, surgiram concretas dali.<\/p>\n<p>Esse deus ent\u00e3o, legou a todas as coisas o seu pr\u00f3prio poder: o poder de juntar ligar fecundar organizar agrupar de se perpetuar, vencendo a morte e impedindo que o caos primordial retorne e que a vida seja s\u00f3 uma possibilidade entre muitos milhares de outras possibilidades.<\/p>\n<p>N\u00f3s, homens, como somos uma dessas muitas coisas a quem Eros concedeu seu poder, engendramos o erotismo para contrapor \u00e0 ideia da morte, a reinven\u00e7\u00e3o di\u00e1ria e gloriosa de recriar o prazer, experimentado pelo deus, de criar.<\/p>\n<p>N\u00f3s, que fazemos teatro, temos esse poder e dever. O de refazer vidas, reagrupar o caos e unir.<\/p>\n<p>Esta noite, aqui no vila, vamos juntar cenas, poemas, can\u00e7\u00f5es,\u00a0 pelo simples prazer de lhes entreter.<\/p>\n<p>&nbsp;<\/p>\n<p>Marcio meirelles<\/p>\n<p>1999<\/p>\n<p>&nbsp;<\/p>\n<p style=\"text-align: right;\">\n","protected":false},"excerpt":{"rendered":"<p>o projeto MENAGE \u00c0 TROIS foi realizado no CABAR\u00c9 DOS NOVOS do TEATRO VILA VELHA durante um curto tempo em 1999, juntando poesias, can\u00e7\u00f5es, teatro, dan\u00e7a, performance q tinham o erotismo como base numa mesma apresenta\u00e7\u00e3o. Os gregos acreditavam que no princ\u00edpio era o caos, onde todas as possibilidades coexistiam<\/p>\n","protected":false},"author":1,"featured_media":1938,"comment_status":"open","ping_status":"open","sticky":false,"template":"","format":"standard","meta":[],"categories":[7,94],"tags":[72,22,12,73,57,58,147,360,361,20,362,53,32,472,64,280,104,13],"_links":{"self":[{"href":"http:\/\/www.marciomeirelles.com.br\/site\/wp-json\/wp\/v2\/posts\/790"}],"collection":[{"href":"http:\/\/www.marciomeirelles.com.br\/site\/wp-json\/wp\/v2\/posts"}],"about":[{"href":"http:\/\/www.marciomeirelles.com.br\/site\/wp-json\/wp\/v2\/types\/post"}],"author":[{"embeddable":true,"href":"http:\/\/www.marciomeirelles.com.br\/site\/wp-json\/wp\/v2\/users\/1"}],"replies":[{"embeddable":true,"href":"http:\/\/www.marciomeirelles.com.br\/site\/wp-json\/wp\/v2\/comments?post=790"}],"version-history":[{"count":3,"href":"http:\/\/www.marciomeirelles.com.br\/site\/wp-json\/wp\/v2\/posts\/790\/revisions"}],"predecessor-version":[{"id":1937,"href":"http:\/\/www.marciomeirelles.com.br\/site\/wp-json\/wp\/v2\/posts\/790\/revisions\/1937"}],"wp:featuredmedia":[{"embeddable":true,"href":"http:\/\/www.marciomeirelles.com.br\/site\/wp-json\/wp\/v2\/media\/1938"}],"wp:attachment":[{"href":"http:\/\/www.marciomeirelles.com.br\/site\/wp-json\/wp\/v2\/media?parent=790"}],"wp:term":[{"taxonomy":"category","embeddable":true,"href":"http:\/\/www.marciomeirelles.com.br\/site\/wp-json\/wp\/v2\/categories?post=790"},{"taxonomy":"post_tag","embeddable":true,"href":"http:\/\/www.marciomeirelles.com.br\/site\/wp-json\/wp\/v2\/tags?post=790"}],"curies":[{"name":"wp","href":"https:\/\/api.w.org\/{rel}","templated":true}]}}