{"id":803,"date":"2011-01-03T01:42:16","date_gmt":"2011-01-03T04:42:16","guid":{"rendered":"http:\/\/www.marciomeirelles.com.br\/site\/?p=803"},"modified":"2011-10-17T09:49:30","modified_gmt":"2011-10-17T12:49:30","slug":"cordel-ator","status":"publish","type":"post","link":"http:\/\/www.marciomeirelles.com.br\/site\/2011\/01\/cordel-ator\/","title":{"rendered":"Cordel: &#8220;Ator&#8221;"},"content":{"rendered":"<p><em>Cordel escrito por Arquimedes Costa, em janeiro de 2011, em homenagem a Marcio Meirelles.<\/em><\/p>\n<p>&nbsp;<\/p>\n<p>Ator<br \/>\nA cultura da Bahia<br \/>\nTem ra\u00edzes seculares<br \/>\nCostumes de v\u00e1rios povos<br \/>\nVindos de todos lugares<br \/>\nVariedade de forma e saber,<br \/>\nE de origens populares.<\/p>\n<p>Entender a diversidade<br \/>\nD\u00e1 muito trabalho e riquezas<br \/>\nAceitar o contradit\u00f3rio<br \/>\nDe diferentes belezas,<br \/>\nCom o valor imaterial,<br \/>\nDe diversas naturezas.<\/p>\n<p>Com centenas de cidades<br \/>\nTem um milh\u00e3o de talentos<br \/>\nDonos de puras verdades<br \/>\nPintando, esculpindo e cantando,<br \/>\nSeus sonhos e realidades.<\/p>\n<p>O movimento n\u00e3o \u00e9 f\u00e1cil<br \/>\nMuito ao contr\u00e1rio, \u00e9 dif\u00edcil<br \/>\nPrecisava achar um \u201ccara\u201d<br \/>\nQue entendesse do of\u00edcio<br \/>\nCom talento e habilidade,<br \/>\nPra comentar em com\u00edcio.<\/p>\n<p>O M\u00e1rcio se apresentou<br \/>\nTrazendo vontade e saber<br \/>\nJuntando um pouco de tudo<br \/>\nPra fazer e acontecer,<br \/>\nDar visibilidade ao artista<br \/>\nE um futuro alvorecer.<\/p>\n<p>Ator e Produtor<br \/>\nCome\u00e7ou ent\u00e3o a montar<br \/>\nUm novo cen\u00e1rio baiano<br \/>\nCom valor a descobrir<br \/>\nAl\u00e9m da cortina de pano<br \/>\nAcabando o apadrinhamento<br \/>\nRepetido de ano em ano.<\/p>\n<p>A liberdade da arte<br \/>\nPassou a prevalecer<br \/>\nDesfazendo as panelinhas<br \/>\nFazendo a vontade e o saber,<br \/>\nCrescer a imagina\u00e7\u00e3o<br \/>\nDe quem faz acontecer.<\/p>\n<p>A gest\u00e3o foi se expandindo<br \/>\nMotivando a discuss\u00e3o<br \/>\nDe liberar as fronteiras<br \/>\nPara o artista cidad\u00e3o,<br \/>\nJuntando no mesmo palco<br \/>\nO maestro e o artes\u00e3o.<\/p>\n<p>A decis\u00e3o de Meireles<br \/>\nAtitude de gestor<br \/>\nContrariou pouca gente<br \/>\nE a maioria agradou,<br \/>\nMesmo assim a voz pequenina<br \/>\nQuis tirar o seu valor.<\/p>\n<p>Os \u00edndios trouxeram suas artes<br \/>\nDa mata e do litoral<br \/>\nCom o apoio da Secult<br \/>\nVieram pra Capital,<br \/>\nPintados de todas as cores<br \/>\nPra mostrar o trabalho afinal.<\/p>\n<p>Ator, Produtor e Gestor<br \/>\nOs quilombolas tamb\u00e9m foram vistos<br \/>\nMereceram \u00e0 aten\u00e7\u00e3o<br \/>\nDe preserva\u00e7\u00e3o dos costumes<br \/>\nOutra grande decis\u00e3o,<br \/>\nConservar o seu habitat<br \/>\nE garantir a procria\u00e7\u00e3o.<\/p>\n<p>Os dois segmentos tratados<br \/>\nCom a mesma afei\u00e7\u00e3o<br \/>\nMostrado as modernidades<br \/>\nTrabalho de muita a\u00e7\u00e3o,<br \/>\nMinimizar os efeitos,<br \/>\nDa global informa\u00e7\u00e3o.<\/p>\n<p>Juntar num tabuleiro gigante<br \/>\nCulin\u00e1ria com arte-final<br \/>\nQuiabo, camar\u00e3o e milho<br \/>\nPimenta, farofa com sal<br \/>\nCocada puxa com amendoim,<br \/>\nPra esperar o carnaval.<\/p>\n<p>As festas come\u00e7am cedo<br \/>\nDa Concei\u00e7\u00e3o ao Bonfim<br \/>\nDe Itapuan a Ribeira<br \/>\nCortejos de blocos sem fim<br \/>\nTem Iemanj\u00e1 e o Dois de Julho,<br \/>\nNo Pel\u00f4 tem Querubim.<\/p>\n<p>Samba de roda e trio-pipoca<br \/>\nOuro Negro e Afox\u00e9,<br \/>\nMascarado, pandeiro e tambor<br \/>\nNo Campo Grande e na S\u00e9<br \/>\nE o \u201ccara\u201d merece palmas<br \/>\nDe todos que tenham F\u00c9!!!!!<\/p>\n<p>&nbsp;<\/p>\n","protected":false},"excerpt":{"rendered":"<p>Cordel escrito por Arquimedes Costa, em janeiro de 2011, em homenagem a Marcio Meirelles. &nbsp; Ator A cultura da Bahia Tem ra\u00edzes seculares Costumes de v\u00e1rios povos Vindos de todos lugares Variedade de forma e saber, E de origens populares. Entender a diversidade D\u00e1 muito trabalho e riquezas Aceitar o<\/p>\n","protected":false},"author":1,"featured_media":0,"comment_status":"open","ping_status":"open","sticky":false,"template":"","format":"standard","meta":[],"categories":[6],"tags":[],"_links":{"self":[{"href":"http:\/\/www.marciomeirelles.com.br\/site\/wp-json\/wp\/v2\/posts\/803"}],"collection":[{"href":"http:\/\/www.marciomeirelles.com.br\/site\/wp-json\/wp\/v2\/posts"}],"about":[{"href":"http:\/\/www.marciomeirelles.com.br\/site\/wp-json\/wp\/v2\/types\/post"}],"author":[{"embeddable":true,"href":"http:\/\/www.marciomeirelles.com.br\/site\/wp-json\/wp\/v2\/users\/1"}],"replies":[{"embeddable":true,"href":"http:\/\/www.marciomeirelles.com.br\/site\/wp-json\/wp\/v2\/comments?post=803"}],"version-history":[{"count":3,"href":"http:\/\/www.marciomeirelles.com.br\/site\/wp-json\/wp\/v2\/posts\/803\/revisions"}],"predecessor-version":[{"id":818,"href":"http:\/\/www.marciomeirelles.com.br\/site\/wp-json\/wp\/v2\/posts\/803\/revisions\/818"}],"wp:attachment":[{"href":"http:\/\/www.marciomeirelles.com.br\/site\/wp-json\/wp\/v2\/media?parent=803"}],"wp:term":[{"taxonomy":"category","embeddable":true,"href":"http:\/\/www.marciomeirelles.com.br\/site\/wp-json\/wp\/v2\/categories?post=803"},{"taxonomy":"post_tag","embeddable":true,"href":"http:\/\/www.marciomeirelles.com.br\/site\/wp-json\/wp\/v2\/tags?post=803"}],"curies":[{"name":"wp","href":"https:\/\/api.w.org\/{rel}","templated":true}]}}